{"id":99,"date":"2009-11-12T11:57:38","date_gmt":"2009-11-12T09:57:38","guid":{"rendered":"http:\/\/www.lev.ch\/thoughts\/?p=99"},"modified":"2009-11-12T11:57:38","modified_gmt":"2009-11-12T09:57:38","slug":"la-double-vie-de-fiore-castiglione","status":"publish","type":"post","link":"http:\/\/www.lev.ch\/thoughts\/?p=99","title":{"rendered":"La double vie de Fiore Castiglione"},"content":{"rendered":"<p>En marge de ses activit\u00e9s d&#8217;enseignante, disciple de <a href=\"http:\/\/fr.wikipedia.org\/wiki\/Danilo_Dolci\">Danilo Dolci<\/a>, <a href=\"http:\/\/www.lecourrier.ch\/index.php?name=NewsPaper&amp;file=article&amp;sid=443161\">Fiore Castiglione<\/a> est une militante qui a r\u00e9ussi \u00e0 faire appliquer \u00e0 Gen\u00e8ve la Convention internationale des droits de l&#8217;enfant, qui promulgue l&#8217;obligation de scolariser tout enfant.<\/p>\n<p><a href=\"http:\/\/www.docume.org\/page\/schedautore.asp?id=116\">Alberto Castiglione<\/a>, jeune r\u00e9alisateur italien qui serait en \u00e2ge d&#8217;\u00eatre son fils.<\/p>\n","protected":false},"excerpt":{"rendered":"<p>En marge de ses activit\u00e9s d&#8217;enseignante, disciple de Danilo Dolci, Fiore Castiglione est une militante qui a r\u00e9ussi \u00e0 faire appliquer \u00e0 Gen\u00e8ve la Convention internationale des droits de l&#8217;enfant, qui promulgue l&#8217;obligation de scolariser tout enfant. Alberto Castiglione, jeune r\u00e9alisateur italien qui serait en \u00e2ge d&#8217;\u00eatre son fils.<\/p>\n","protected":false},"author":1,"featured_media":0,"comment_status":"open","ping_status":"open","sticky":false,"template":"","format":"standard","meta":{"footnotes":""},"categories":[1],"tags":[],"class_list":["post-99","post","type-post","status-publish","format-standard","hentry","category-uncategorized"],"_links":{"self":[{"href":"http:\/\/www.lev.ch\/thoughts\/index.php?rest_route=\/wp\/v2\/posts\/99","targetHints":{"allow":["GET"]}}],"collection":[{"href":"http:\/\/www.lev.ch\/thoughts\/index.php?rest_route=\/wp\/v2\/posts"}],"about":[{"href":"http:\/\/www.lev.ch\/thoughts\/index.php?rest_route=\/wp\/v2\/types\/post"}],"author":[{"embeddable":true,"href":"http:\/\/www.lev.ch\/thoughts\/index.php?rest_route=\/wp\/v2\/users\/1"}],"replies":[{"embeddable":true,"href":"http:\/\/www.lev.ch\/thoughts\/index.php?rest_route=%2Fwp%2Fv2%2Fcomments&post=99"}],"version-history":[{"count":2,"href":"http:\/\/www.lev.ch\/thoughts\/index.php?rest_route=\/wp\/v2\/posts\/99\/revisions"}],"predecessor-version":[{"id":101,"href":"http:\/\/www.lev.ch\/thoughts\/index.php?rest_route=\/wp\/v2\/posts\/99\/revisions\/101"}],"wp:attachment":[{"href":"http:\/\/www.lev.ch\/thoughts\/index.php?rest_route=%2Fwp%2Fv2%2Fmedia&parent=99"}],"wp:term":[{"taxonomy":"category","embeddable":true,"href":"http:\/\/www.lev.ch\/thoughts\/index.php?rest_route=%2Fwp%2Fv2%2Fcategories&post=99"},{"taxonomy":"post_tag","embeddable":true,"href":"http:\/\/www.lev.ch\/thoughts\/index.php?rest_route=%2Fwp%2Fv2%2Ftags&post=99"}],"curies":[{"name":"wp","href":"https:\/\/api.w.org\/{rel}","templated":true}]}}