{"id":96,"date":"2009-11-06T18:35:24","date_gmt":"2009-11-06T16:35:24","guid":{"rendered":"http:\/\/www.lev.ch\/thoughts\/?p=96"},"modified":"2009-11-06T18:45:23","modified_gmt":"2009-11-06T16:45:23","slug":"theatre-et-cartographie","status":"publish","type":"post","link":"http:\/\/www.lev.ch\/thoughts\/?p=96","title":{"rendered":"Th\u00e9\u00e2tre et Cartographie"},"content":{"rendered":"<p><img loading=\"lazy\" decoding=\"async\" style=\"height: 453px; width: 460px;\" src=\"http:\/\/www.monde-diplomatique.fr\/2009\/03\/REKACEWICZ\/local\/cache-vignettes\/L460xH453\/6901C-grande-roue-8dd17.jpg\" alt=\"JPEG - 579.5 ko\" width=\"460\" height=\"453\" \/><\/p>\n<p><em>\u00ab\u00a0L\u2019art est constamment soumis \u00e0 des consid\u00e9rations \u00e9conomiques, politiques, religieuses ou techniques\u00a0: il sera alternativement d\u00e9cadent, constructif, r\u00e9volutionnaire ou r\u00eaveur<\/em> (<a id=\"nh10\" style=\"color: #990000; text-decoration: none;\" title=\"Ces textes de Paul Klee et de Conrad Felixm\u00fcller \u00e9taient cit\u00e9s dans\u00a0(...)\" rel=\"footnote\" href=\"http:\/\/www.monde-diplomatique.fr\/2009\/03\/REKACEWICZ\/16880#nb10\">10<\/a>).<em> \u00bb<\/em><\/p>\n<p><em>in Mani\u00e8re de voir, Le Monde Diplomatique, octobre-novembre 2009.<\/em><\/p>\n","protected":false},"excerpt":{"rendered":"<p>\u00ab\u00a0L\u2019art est constamment soumis \u00e0 des consid\u00e9rations \u00e9conomiques, politiques, religieuses ou techniques\u00a0: il sera alternativement d\u00e9cadent, constructif, r\u00e9volutionnaire ou r\u00eaveur (10). \u00bb in Mani\u00e8re de voir, Le Monde Diplomatique, octobre-novembre 2009.<\/p>\n","protected":false},"author":1,"featured_media":0,"comment_status":"open","ping_status":"open","sticky":false,"template":"","format":"standard","meta":{"footnotes":""},"categories":[1],"tags":[],"class_list":["post-96","post","type-post","status-publish","format-standard","hentry","category-uncategorized"],"_links":{"self":[{"href":"http:\/\/www.lev.ch\/thoughts\/index.php?rest_route=\/wp\/v2\/posts\/96","targetHints":{"allow":["GET"]}}],"collection":[{"href":"http:\/\/www.lev.ch\/thoughts\/index.php?rest_route=\/wp\/v2\/posts"}],"about":[{"href":"http:\/\/www.lev.ch\/thoughts\/index.php?rest_route=\/wp\/v2\/types\/post"}],"author":[{"embeddable":true,"href":"http:\/\/www.lev.ch\/thoughts\/index.php?rest_route=\/wp\/v2\/users\/1"}],"replies":[{"embeddable":true,"href":"http:\/\/www.lev.ch\/thoughts\/index.php?rest_route=%2Fwp%2Fv2%2Fcomments&post=96"}],"version-history":[{"count":2,"href":"http:\/\/www.lev.ch\/thoughts\/index.php?rest_route=\/wp\/v2\/posts\/96\/revisions"}],"predecessor-version":[{"id":98,"href":"http:\/\/www.lev.ch\/thoughts\/index.php?rest_route=\/wp\/v2\/posts\/96\/revisions\/98"}],"wp:attachment":[{"href":"http:\/\/www.lev.ch\/thoughts\/index.php?rest_route=%2Fwp%2Fv2%2Fmedia&parent=96"}],"wp:term":[{"taxonomy":"category","embeddable":true,"href":"http:\/\/www.lev.ch\/thoughts\/index.php?rest_route=%2Fwp%2Fv2%2Fcategories&post=96"},{"taxonomy":"post_tag","embeddable":true,"href":"http:\/\/www.lev.ch\/thoughts\/index.php?rest_route=%2Fwp%2Fv2%2Ftags&post=96"}],"curies":[{"name":"wp","href":"https:\/\/api.w.org\/{rel}","templated":true}]}}