{"id":928,"date":"2012-09-23T13:00:26","date_gmt":"2012-09-23T11:00:26","guid":{"rendered":"http:\/\/www.lev.ch\/thoughts\/?p=928"},"modified":"2012-09-23T13:00:26","modified_gmt":"2012-09-23T11:00:26","slug":"cite-du-cinema","status":"publish","type":"post","link":"http:\/\/www.lev.ch\/thoughts\/?p=928","title":{"rendered":"Cit\u00e9 du cin\u00e9ma"},"content":{"rendered":"<p><a href=\"http:\/\/www.lemonde.fr\/culture\/article\/2012\/09\/21\/luc-besson-inaugure-sa-cite-du-cinema-a-saint-denis_1763564_3246.html\">Inauguration<\/a> of Luc Besson&#8217;s Cit\u00e9 du cin\u00e9ma last Friday just outside of Paris, in an old electric power plant. Vive le cin\u00e9ma !<\/p>\n","protected":false},"excerpt":{"rendered":"<p>Inauguration of Luc Besson&#8217;s Cit\u00e9 du cin\u00e9ma last Friday just outside of Paris, in an old electric power plant. Vive le cin\u00e9ma !<\/p>\n","protected":false},"author":1,"featured_media":0,"comment_status":"closed","ping_status":"open","sticky":false,"template":"","format":"standard","meta":{"footnotes":""},"categories":[3],"tags":[],"class_list":["post-928","post","type-post","status-publish","format-standard","hentry","category-cinema"],"_links":{"self":[{"href":"http:\/\/www.lev.ch\/thoughts\/index.php?rest_route=\/wp\/v2\/posts\/928","targetHints":{"allow":["GET"]}}],"collection":[{"href":"http:\/\/www.lev.ch\/thoughts\/index.php?rest_route=\/wp\/v2\/posts"}],"about":[{"href":"http:\/\/www.lev.ch\/thoughts\/index.php?rest_route=\/wp\/v2\/types\/post"}],"author":[{"embeddable":true,"href":"http:\/\/www.lev.ch\/thoughts\/index.php?rest_route=\/wp\/v2\/users\/1"}],"replies":[{"embeddable":true,"href":"http:\/\/www.lev.ch\/thoughts\/index.php?rest_route=%2Fwp%2Fv2%2Fcomments&post=928"}],"version-history":[{"count":1,"href":"http:\/\/www.lev.ch\/thoughts\/index.php?rest_route=\/wp\/v2\/posts\/928\/revisions"}],"predecessor-version":[{"id":929,"href":"http:\/\/www.lev.ch\/thoughts\/index.php?rest_route=\/wp\/v2\/posts\/928\/revisions\/929"}],"wp:attachment":[{"href":"http:\/\/www.lev.ch\/thoughts\/index.php?rest_route=%2Fwp%2Fv2%2Fmedia&parent=928"}],"wp:term":[{"taxonomy":"category","embeddable":true,"href":"http:\/\/www.lev.ch\/thoughts\/index.php?rest_route=%2Fwp%2Fv2%2Fcategories&post=928"},{"taxonomy":"post_tag","embeddable":true,"href":"http:\/\/www.lev.ch\/thoughts\/index.php?rest_route=%2Fwp%2Fv2%2Ftags&post=928"}],"curies":[{"name":"wp","href":"https:\/\/api.w.org\/{rel}","templated":true}]}}