{"id":61,"date":"2009-09-07T00:49:04","date_gmt":"2009-09-06T22:49:04","guid":{"rendered":"http:\/\/www.lev.ch\/thoughts\/?p=61"},"modified":"2020-10-23T21:34:28","modified_gmt":"2020-10-23T19:34:28","slug":"melies-un-siecle-plus-tard","status":"publish","type":"post","link":"http:\/\/www.lev.ch\/thoughts\/?p=61","title":{"rendered":"M\u00e9li\u00e8s, un si\u00e8cle plus tard"},"content":{"rendered":"<p>Georges M\u00e9li\u00e8s est n\u00e9 en 1861 \u00e0 Paris. Pierrick Sorin est n\u00e9 en 1960 \u00e0 Nantes.<\/p>\n<p>M\u00e9li\u00e8s peut \u00eatre consid\u00e9r\u00e9 comme le premier r\u00e9alisateur de cin\u00e9ma de fiction. Homme de th\u00e9\u00e2tre et prestidigitateur, il a inaugur\u00e9 un ensemble de techniques optiques et d&#8217;effets visuels pour le cin\u00e9ma, et peut \u00eatre consid\u00e9r\u00e9 \u00e0 juste titre comme l&#8217;inventeur des effets sp\u00e9ciaux.<\/p>\n<p>J&#8217;ai eu l&#8217;immense plaisir de d\u00e9couvrir aujourd&#8217;hui l&#8217;exposition d\u00e9di\u00e9e \u00e0 <a href=\"http:\/\/archiverlepresent.org\/individu\/sorin-pierrick\">Pierrick Sorin<\/a>, dans le cadre du Festival de <a href=\"http:\/\/www.batie.ch\/\">la B\u00e2tie<\/a> de Gen\u00e8ve, au <a href=\"http:\/\/www.forum-meyrin.ch\">Th\u00e9\u00e2tre Forum Meyrin<\/a> (non loin du <a href=\"http:\/\/public.web.cern.ch\/public\/\">CERN<\/a>).<\/p>\n<p>Ma\u00eetre de la duplication, usant d&#8217;une des plus vieilles techniques de th\u00e9\u00e2tre, appel\u00e9e en anglais le <a href=\"http:\/\/en.wikipedia.org\/wiki\/Pepper's_ghost\">Pepper&#8217;s ghost<\/a>, il nous ravit par sa capacit\u00e9 \u00e0 jouer tous les r\u00f4les dans ses propres films, tel Buster Keaton. Ses installations de th\u00e9\u00e2tre optique repr\u00e9sentent des sc\u00e8nes imaginaires de la vie quotidienne dans un futur de science-fiction, o\u00f9 les choses tournent mal mais de mani\u00e8re toujours comique et sexuellement maladroite. Un Mr Bean franchouillard de l&#8217;art vid\u00e9o.<\/p>\n<p>J&#8217;ai \u00e9galement appr\u00e9ci\u00e9 la r\u00e9trospective consacr\u00e9e \u00e0 Zbigniew Rybczynski et Norman McLaren.<\/p>\n","protected":false},"excerpt":{"rendered":"<p>Georges M\u00e9li\u00e8s est n\u00e9 en 1861 \u00e0 Paris. Pierrick Sorin est n\u00e9 en 1960 \u00e0 Nantes. M\u00e9li\u00e8s peut \u00eatre consid\u00e9r\u00e9 comme le premier r\u00e9alisateur de cin\u00e9ma de fiction. Homme de th\u00e9\u00e2tre et prestidigitateur, il a inaugur\u00e9 un ensemble de techniques optiques et d&#8217;effets visuels pour le cin\u00e9ma, et peut \u00eatre consid\u00e9r\u00e9 \u00e0 juste titre comme [&hellip;]<\/p>\n","protected":false},"author":1,"featured_media":0,"comment_status":"open","ping_status":"open","sticky":false,"template":"","format":"standard","meta":{"footnotes":""},"categories":[3,13,11],"tags":[],"class_list":["post-61","post","type-post","status-publish","format-standard","hentry","category-cinema","category-performance","category-video"],"_links":{"self":[{"href":"http:\/\/www.lev.ch\/thoughts\/index.php?rest_route=\/wp\/v2\/posts\/61","targetHints":{"allow":["GET"]}}],"collection":[{"href":"http:\/\/www.lev.ch\/thoughts\/index.php?rest_route=\/wp\/v2\/posts"}],"about":[{"href":"http:\/\/www.lev.ch\/thoughts\/index.php?rest_route=\/wp\/v2\/types\/post"}],"author":[{"embeddable":true,"href":"http:\/\/www.lev.ch\/thoughts\/index.php?rest_route=\/wp\/v2\/users\/1"}],"replies":[{"embeddable":true,"href":"http:\/\/www.lev.ch\/thoughts\/index.php?rest_route=%2Fwp%2Fv2%2Fcomments&post=61"}],"version-history":[{"count":5,"href":"http:\/\/www.lev.ch\/thoughts\/index.php?rest_route=\/wp\/v2\/posts\/61\/revisions"}],"predecessor-version":[{"id":1437,"href":"http:\/\/www.lev.ch\/thoughts\/index.php?rest_route=\/wp\/v2\/posts\/61\/revisions\/1437"}],"wp:attachment":[{"href":"http:\/\/www.lev.ch\/thoughts\/index.php?rest_route=%2Fwp%2Fv2%2Fmedia&parent=61"}],"wp:term":[{"taxonomy":"category","embeddable":true,"href":"http:\/\/www.lev.ch\/thoughts\/index.php?rest_route=%2Fwp%2Fv2%2Fcategories&post=61"},{"taxonomy":"post_tag","embeddable":true,"href":"http:\/\/www.lev.ch\/thoughts\/index.php?rest_route=%2Fwp%2Fv2%2Ftags&post=61"}],"curies":[{"name":"wp","href":"https:\/\/api.w.org\/{rel}","templated":true}]}}