{"id":577,"date":"2011-06-13T20:46:22","date_gmt":"2011-06-13T18:46:22","guid":{"rendered":"http:\/\/www.lev.ch\/thoughts\/?p=577"},"modified":"2011-06-30T03:37:44","modified_gmt":"2011-06-30T01:37:44","slug":"jorge-semprun","status":"publish","type":"post","link":"http:\/\/www.lev.ch\/thoughts\/?p=577","title":{"rendered":"Jorge Sempr\u00fan"},"content":{"rendered":"<p><a href=\"http:\/\/www.franceculture.com\/emission-la-grande-table-rencontre-jorge-semprun-et-elia-suleiman-2011-02-02.html\">Rencontre radiophonique<\/a> entre Jorge Sempr\u00fan (\u2020 7 juin 2011) et Elia Suleiman, sur l&#8217;espoir soulev\u00e9 par la volont\u00e9 de d\u00e9mocratie du monde arabe.<\/p>\n","protected":false},"excerpt":{"rendered":"<p>Rencontre radiophonique entre Jorge Sempr\u00fan (\u2020 7 juin 2011) et Elia Suleiman, sur l&#8217;espoir soulev\u00e9 par la volont\u00e9 de d\u00e9mocratie du monde arabe.<\/p>\n","protected":false},"author":1,"featured_media":0,"comment_status":"closed","ping_status":"open","sticky":false,"template":"","format":"standard","meta":{"footnotes":""},"categories":[3],"tags":[],"class_list":["post-577","post","type-post","status-publish","format-standard","hentry","category-cinema"],"_links":{"self":[{"href":"http:\/\/www.lev.ch\/thoughts\/index.php?rest_route=\/wp\/v2\/posts\/577","targetHints":{"allow":["GET"]}}],"collection":[{"href":"http:\/\/www.lev.ch\/thoughts\/index.php?rest_route=\/wp\/v2\/posts"}],"about":[{"href":"http:\/\/www.lev.ch\/thoughts\/index.php?rest_route=\/wp\/v2\/types\/post"}],"author":[{"embeddable":true,"href":"http:\/\/www.lev.ch\/thoughts\/index.php?rest_route=\/wp\/v2\/users\/1"}],"replies":[{"embeddable":true,"href":"http:\/\/www.lev.ch\/thoughts\/index.php?rest_route=%2Fwp%2Fv2%2Fcomments&post=577"}],"version-history":[{"count":2,"href":"http:\/\/www.lev.ch\/thoughts\/index.php?rest_route=\/wp\/v2\/posts\/577\/revisions"}],"predecessor-version":[{"id":590,"href":"http:\/\/www.lev.ch\/thoughts\/index.php?rest_route=\/wp\/v2\/posts\/577\/revisions\/590"}],"wp:attachment":[{"href":"http:\/\/www.lev.ch\/thoughts\/index.php?rest_route=%2Fwp%2Fv2%2Fmedia&parent=577"}],"wp:term":[{"taxonomy":"category","embeddable":true,"href":"http:\/\/www.lev.ch\/thoughts\/index.php?rest_route=%2Fwp%2Fv2%2Fcategories&post=577"},{"taxonomy":"post_tag","embeddable":true,"href":"http:\/\/www.lev.ch\/thoughts\/index.php?rest_route=%2Fwp%2Fv2%2Ftags&post=577"}],"curies":[{"name":"wp","href":"https:\/\/api.w.org\/{rel}","templated":true}]}}