{"id":572,"date":"2011-06-09T20:55:53","date_gmt":"2011-06-09T18:55:53","guid":{"rendered":"http:\/\/www.lev.ch\/thoughts\/?p=572"},"modified":"2014-07-25T00:22:08","modified_gmt":"2014-07-24T22:22:08","slug":"holon-design-museum","status":"publish","type":"post","link":"http:\/\/www.lev.ch\/thoughts\/?p=572","title":{"rendered":"Holon Design Museum"},"content":{"rendered":"<p>J&#8217;ai d\u00e9couvert la table \u00ab<a href=\"http:\/\/www.dmh.org.il\/magazine\/magazine.aspx?id=41&amp;IssuesId=3\">Raymond<\/a>\u00bb de <a href=\"http:\/\/www.rca.ac.uk\/showcase\/show-rca\/david-amar\/\">David Amar du RCA<\/a>, qui s&#8217;est inspir\u00e9 des mod\u00e8les de g\u00e9n\u00e9rativit\u00e9 litt\u00e9raire de Oulipo pour cr\u00e9er ce meuble, au nouveau <a href=\"http:\/\/kefisrael.com\/2010\/02\/01\/inauguration-du-musee-du-design-de-holon-de-ron-arad\/#\">Design Museum de Holon<\/a>.<\/p>\n","protected":false},"excerpt":{"rendered":"<p>J&#8217;ai d\u00e9couvert la table \u00abRaymond\u00bb de David Amar du RCA, qui s&#8217;est inspir\u00e9 des mod\u00e8les de g\u00e9n\u00e9rativit\u00e9 litt\u00e9raire de Oulipo pour cr\u00e9er ce meuble, au nouveau Design Museum de Holon.<\/p>\n","protected":false},"author":1,"featured_media":0,"comment_status":"closed","ping_status":"open","sticky":false,"template":"","format":"standard","meta":{"footnotes":""},"categories":[10],"tags":[],"class_list":["post-572","post","type-post","status-publish","format-standard","hentry","category-interactive-design"],"_links":{"self":[{"href":"http:\/\/www.lev.ch\/thoughts\/index.php?rest_route=\/wp\/v2\/posts\/572","targetHints":{"allow":["GET"]}}],"collection":[{"href":"http:\/\/www.lev.ch\/thoughts\/index.php?rest_route=\/wp\/v2\/posts"}],"about":[{"href":"http:\/\/www.lev.ch\/thoughts\/index.php?rest_route=\/wp\/v2\/types\/post"}],"author":[{"embeddable":true,"href":"http:\/\/www.lev.ch\/thoughts\/index.php?rest_route=\/wp\/v2\/users\/1"}],"replies":[{"embeddable":true,"href":"http:\/\/www.lev.ch\/thoughts\/index.php?rest_route=%2Fwp%2Fv2%2Fcomments&post=572"}],"version-history":[{"count":4,"href":"http:\/\/www.lev.ch\/thoughts\/index.php?rest_route=\/wp\/v2\/posts\/572\/revisions"}],"predecessor-version":[{"id":1234,"href":"http:\/\/www.lev.ch\/thoughts\/index.php?rest_route=\/wp\/v2\/posts\/572\/revisions\/1234"}],"wp:attachment":[{"href":"http:\/\/www.lev.ch\/thoughts\/index.php?rest_route=%2Fwp%2Fv2%2Fmedia&parent=572"}],"wp:term":[{"taxonomy":"category","embeddable":true,"href":"http:\/\/www.lev.ch\/thoughts\/index.php?rest_route=%2Fwp%2Fv2%2Fcategories&post=572"},{"taxonomy":"post_tag","embeddable":true,"href":"http:\/\/www.lev.ch\/thoughts\/index.php?rest_route=%2Fwp%2Fv2%2Ftags&post=572"}],"curies":[{"name":"wp","href":"https:\/\/api.w.org\/{rel}","templated":true}]}}