{"id":1193,"date":"2014-05-12T00:08:26","date_gmt":"2014-05-11T22:08:26","guid":{"rendered":"http:\/\/www.lev.ch\/thoughts\/?p=1193"},"modified":"2014-05-12T00:10:41","modified_gmt":"2014-05-11T22:10:41","slug":"etienne-dolet","status":"publish","type":"post","link":"http:\/\/www.lev.ch\/thoughts\/?p=1193","title":{"rendered":"Etienne Dolet"},"content":{"rendered":"<p>La statue d&#8217;<a href=\"http:\/\/fr.wikipedia.org\/wiki\/\u00c9tienne_Dolet\">Etienne Dolet<\/a>, imprimeur br\u00fbl\u00e9 avec ses livres en 1546 \u00e0 la <a href=\"http:\/\/fr.wikipedia.org\/wiki\/Place_Maubert\">place Maubert<\/a>, montr\u00e9e par Breton dans Nadja, n&#8217;a toujours pas \u00e9t\u00e9 remplac\u00e9e depuis sa disparition en 1942 sous l&#8217;Occupation.<\/p>\n","protected":false},"excerpt":{"rendered":"<p>La statue d&#8217;Etienne Dolet, imprimeur br\u00fbl\u00e9 avec ses livres en 1546 \u00e0 la place Maubert, montr\u00e9e par Breton dans Nadja, n&#8217;a toujours pas \u00e9t\u00e9 remplac\u00e9e depuis sa disparition en 1942 sous l&#8217;Occupation.<\/p>\n","protected":false},"author":1,"featured_media":0,"comment_status":"closed","ping_status":"open","sticky":false,"template":"","format":"standard","meta":{"footnotes":""},"categories":[14,7],"tags":[],"class_list":["post-1193","post","type-post","status-publish","format-standard","hentry","category-culture","category-politics"],"_links":{"self":[{"href":"http:\/\/www.lev.ch\/thoughts\/index.php?rest_route=\/wp\/v2\/posts\/1193","targetHints":{"allow":["GET"]}}],"collection":[{"href":"http:\/\/www.lev.ch\/thoughts\/index.php?rest_route=\/wp\/v2\/posts"}],"about":[{"href":"http:\/\/www.lev.ch\/thoughts\/index.php?rest_route=\/wp\/v2\/types\/post"}],"author":[{"embeddable":true,"href":"http:\/\/www.lev.ch\/thoughts\/index.php?rest_route=\/wp\/v2\/users\/1"}],"replies":[{"embeddable":true,"href":"http:\/\/www.lev.ch\/thoughts\/index.php?rest_route=%2Fwp%2Fv2%2Fcomments&post=1193"}],"version-history":[{"count":2,"href":"http:\/\/www.lev.ch\/thoughts\/index.php?rest_route=\/wp\/v2\/posts\/1193\/revisions"}],"predecessor-version":[{"id":1195,"href":"http:\/\/www.lev.ch\/thoughts\/index.php?rest_route=\/wp\/v2\/posts\/1193\/revisions\/1195"}],"wp:attachment":[{"href":"http:\/\/www.lev.ch\/thoughts\/index.php?rest_route=%2Fwp%2Fv2%2Fmedia&parent=1193"}],"wp:term":[{"taxonomy":"category","embeddable":true,"href":"http:\/\/www.lev.ch\/thoughts\/index.php?rest_route=%2Fwp%2Fv2%2Fcategories&post=1193"},{"taxonomy":"post_tag","embeddable":true,"href":"http:\/\/www.lev.ch\/thoughts\/index.php?rest_route=%2Fwp%2Fv2%2Ftags&post=1193"}],"curies":[{"name":"wp","href":"https:\/\/api.w.org\/{rel}","templated":true}]}}