{"id":703,"date":"2020-02-22T16:59:07","date_gmt":"2020-02-22T16:59:07","guid":{"rendered":"http:\/\/www.lev.ch\/research\/?p=703"},"modified":"2020-02-22T16:59:31","modified_gmt":"2020-02-22T16:59:31","slug":"lobservation-du-bebe-selon-esther-bick","status":"publish","type":"post","link":"http:\/\/www.lev.ch\/research\/lobservation-du-bebe-selon-esther-bick","title":{"rendered":"L&#8217;observation du b\u00e9b\u00e9 selon Esther Bick"},"content":{"rendered":"\n<p><a href=\"https:\/\/www.cairn.info\/revue-devenir-2005-1-page-55.htm\">Panorama de l&#8217;observation du b\u00e9b\u00e9 selon la m\u00e9thode Esther Bick dans les pays francophones<\/a> par R\u00e9gine Prat dans la revue Devenir<\/p>\n","protected":false},"excerpt":{"rendered":"<p>Panorama de l&#8217;observation du b\u00e9b\u00e9 selon la m\u00e9thode Esther Bick dans les pays francophones par R\u00e9gine Prat dans la revue Devenir<\/p>\n","protected":false},"author":1,"featured_media":0,"comment_status":"open","ping_status":"open","sticky":false,"template":"","format":"standard","meta":{"footnotes":""},"categories":[23],"tags":[],"class_list":["post-703","post","type-post","status-publish","format-standard","hentry","category-psychology"],"_links":{"self":[{"href":"http:\/\/www.lev.ch\/research\/wp-json\/wp\/v2\/posts\/703","targetHints":{"allow":["GET"]}}],"collection":[{"href":"http:\/\/www.lev.ch\/research\/wp-json\/wp\/v2\/posts"}],"about":[{"href":"http:\/\/www.lev.ch\/research\/wp-json\/wp\/v2\/types\/post"}],"author":[{"embeddable":true,"href":"http:\/\/www.lev.ch\/research\/wp-json\/wp\/v2\/users\/1"}],"replies":[{"embeddable":true,"href":"http:\/\/www.lev.ch\/research\/wp-json\/wp\/v2\/comments?post=703"}],"version-history":[{"count":1,"href":"http:\/\/www.lev.ch\/research\/wp-json\/wp\/v2\/posts\/703\/revisions"}],"predecessor-version":[{"id":704,"href":"http:\/\/www.lev.ch\/research\/wp-json\/wp\/v2\/posts\/703\/revisions\/704"}],"wp:attachment":[{"href":"http:\/\/www.lev.ch\/research\/wp-json\/wp\/v2\/media?parent=703"}],"wp:term":[{"taxonomy":"category","embeddable":true,"href":"http:\/\/www.lev.ch\/research\/wp-json\/wp\/v2\/categories?post=703"},{"taxonomy":"post_tag","embeddable":true,"href":"http:\/\/www.lev.ch\/research\/wp-json\/wp\/v2\/tags?post=703"}],"curies":[{"name":"wp","href":"https:\/\/api.w.org\/{rel}","templated":true}]}}