{"id":57,"date":"2008-11-22T20:00:43","date_gmt":"2008-11-23T04:00:43","guid":{"rendered":"http:\/\/www.lev.ch\/news\/?p=57"},"modified":"2016-06-02T08:36:15","modified_gmt":"2016-06-02T16:36:15","slug":"home-mentioned-but-did-not-stop","status":"publish","type":"post","link":"http:\/\/www.lev.ch\/news\/?p=57","title":{"rendered":"HOME &#8211; mentioned, but did not stop"},"content":{"rendered":"<p>Vernissage de <a href=\"http:\/\/www.ch-arts.net\/script\/charts.Newsletter?callmode=detail&amp;id=1172\">l&#8217;exposition<\/a> organis\u00e9e \u00e0 Renens dans les locaux de <a href=\"http:\/\/www.boxproductions.ch\/\">Box Productions<\/a>, autour des th\u00e8mes de l&#8217;autoroute, du b\u00e9ton, de la voiture, \u00e0 l&#8217;occasion de la premi\u00e8re du film \u00abHome\u00bb de Ursula Meier.<\/p>\n<p><a href=\"http:\/\/www.lev.ch\/news\/wp-content\/uploads\/2010\/03\/homementionedbutdidnotstop-1.jpg\"><img loading=\"lazy\" decoding=\"async\" class=\"size-medium wp-image-59 alignleft\" title=\"homementionedbutdidnotstop-1\" src=\"http:\/\/www.lev.ch\/news\/wp-content\/uploads\/2010\/03\/homementionedbutdidnotstop-1-211x300.jpg\" alt=\"\" width=\"211\" height=\"300\" srcset=\"http:\/\/www.lev.ch\/news\/wp-content\/uploads\/2010\/03\/homementionedbutdidnotstop-1-211x300.jpg 211w, http:\/\/www.lev.ch\/news\/wp-content\/uploads\/2010\/03\/homementionedbutdidnotstop-1.jpg 600w\" sizes=\"auto, (max-width: 211px) 100vw, 211px\" \/><\/a><\/p>\n<p style=\"text-align: left;\"><a href=\"http:\/\/www.lev.ch\/news\/wp-content\/uploads\/2010\/03\/homementionedbutdidnotstop-2.jpg\"><img loading=\"lazy\" decoding=\"async\" class=\"size-medium wp-image-60 alignnone\" title=\"homementionedbutdidnotstop-2\" src=\"http:\/\/www.lev.ch\/news\/wp-content\/uploads\/2010\/03\/homementionedbutdidnotstop-2-211x300.jpg\" alt=\"\" width=\"211\" height=\"300\" srcset=\"http:\/\/www.lev.ch\/news\/wp-content\/uploads\/2010\/03\/homementionedbutdidnotstop-2-211x300.jpg 211w, http:\/\/www.lev.ch\/news\/wp-content\/uploads\/2010\/03\/homementionedbutdidnotstop-2.jpg 600w\" sizes=\"auto, (max-width: 211px) 100vw, 211px\" \/><\/a><\/p>\n<p style=\"text-align: left;\">J&#8217;ai \u00e9t\u00e9 invit\u00e9 \u00e0 participer \u00e0 l&#8217;installation \u00abSee you in Hell\u00bb de Rachel Vulliens, pour laquelle nous avons trafiqu\u00e9 le syst\u00e8me d&#8217;ouverture et fermeture des porti\u00e8res et l&#8217;auto-radio, entre autres interventions sur une veille Ford pr\u00eat\u00e9e par un garagiste lausannois.<\/p>\n","protected":false},"excerpt":{"rendered":"<p>Vernissage de l&#8217;exposition organis\u00e9e \u00e0 Renens dans les locaux de Box Productions, autour des th\u00e8mes de l&#8217;autoroute, du b\u00e9ton, de la voiture, \u00e0 l&#8217;occasion de la premi\u00e8re du film \u00abHome\u00bb de Ursula Meier. J&#8217;ai \u00e9t\u00e9 invit\u00e9 \u00e0 participer \u00e0 l&#8217;installation \u00abSee you in Hell\u00bb de Rachel Vulliens, pour laquelle nous avons trafiqu\u00e9 le syst\u00e8me d&#8217;ouverture [&hellip;]<\/p>\n","protected":false},"author":1,"featured_media":0,"comment_status":"open","ping_status":"open","sticky":false,"template":"","format":"standard","meta":{"footnotes":""},"categories":[9,6],"tags":[],"class_list":["post-57","post","type-post","status-publish","format-standard","hentry","category-exhibition","category-installation"],"_links":{"self":[{"href":"http:\/\/www.lev.ch\/news\/index.php?rest_route=\/wp\/v2\/posts\/57","targetHints":{"allow":["GET"]}}],"collection":[{"href":"http:\/\/www.lev.ch\/news\/index.php?rest_route=\/wp\/v2\/posts"}],"about":[{"href":"http:\/\/www.lev.ch\/news\/index.php?rest_route=\/wp\/v2\/types\/post"}],"author":[{"embeddable":true,"href":"http:\/\/www.lev.ch\/news\/index.php?rest_route=\/wp\/v2\/users\/1"}],"replies":[{"embeddable":true,"href":"http:\/\/www.lev.ch\/news\/index.php?rest_route=%2Fwp%2Fv2%2Fcomments&post=57"}],"version-history":[{"count":15,"href":"http:\/\/www.lev.ch\/news\/index.php?rest_route=\/wp\/v2\/posts\/57\/revisions"}],"predecessor-version":[{"id":87,"href":"http:\/\/www.lev.ch\/news\/index.php?rest_route=\/wp\/v2\/posts\/57\/revisions\/87"}],"wp:attachment":[{"href":"http:\/\/www.lev.ch\/news\/index.php?rest_route=%2Fwp%2Fv2%2Fmedia&parent=57"}],"wp:term":[{"taxonomy":"category","embeddable":true,"href":"http:\/\/www.lev.ch\/news\/index.php?rest_route=%2Fwp%2Fv2%2Fcategories&post=57"},{"taxonomy":"post_tag","embeddable":true,"href":"http:\/\/www.lev.ch\/news\/index.php?rest_route=%2Fwp%2Fv2%2Ftags&post=57"}],"curies":[{"name":"wp","href":"https:\/\/api.w.org\/{rel}","templated":true}]}}