{"id":431,"date":"2015-11-04T06:35:37","date_gmt":"2015-11-04T14:35:37","guid":{"rendered":"http:\/\/www.lev.ch\/news\/?p=431"},"modified":"2015-11-04T06:35:37","modified_gmt":"2015-11-04T14:35:37","slug":"rencontres-franco-suisses","status":"publish","type":"post","link":"http:\/\/www.lev.ch\/news\/?p=431","title":{"rendered":"Rencontres franco-suisses"},"content":{"rendered":"<p>Organis\u00e9es par la <a href=\"http:\/\/www.citia.org\">Cit\u00e9 de l&#8217;image en mouvement<\/a> \u00e0 Annecy, les <a href=\"http:\/\/www.citia.org\/agenda\/rencontres-franco-suisses\">Rencontres franco-suisses<\/a> ont pour objectif\u00a0de faire se rencontrer les professionnels suisses et rh\u00f4nalpins de l&#8217;audiovisuel et du cin\u00e9ma.<br \/>\nJe pr\u00e9senterai \u00abLa Liste de Spierer\u00bb le jeudi 12 novembre lors du festival <a href=\"http:\/\/tous-ecrans.com\">Cin\u00e9ma Tous Ecrans<\/a> \u00e0 Gen\u00e8ve.<\/p>\n","protected":false},"excerpt":{"rendered":"<p>Organis\u00e9es par la Cit\u00e9 de l&#8217;image en mouvement \u00e0 Annecy, les Rencontres franco-suisses ont pour objectif\u00a0de faire se rencontrer les professionnels suisses et rh\u00f4nalpins de l&#8217;audiovisuel et du cin\u00e9ma. Je pr\u00e9senterai \u00abLa Liste de Spierer\u00bb le jeudi 12 novembre lors du festival Cin\u00e9ma Tous Ecrans \u00e0 Gen\u00e8ve.<\/p>\n","protected":false},"author":1,"featured_media":0,"comment_status":"closed","ping_status":"open","sticky":false,"template":"","format":"standard","meta":{"footnotes":""},"categories":[15],"tags":[],"class_list":["post-431","post","type-post","status-publish","format-standard","hentry","category-production"],"_links":{"self":[{"href":"http:\/\/www.lev.ch\/news\/index.php?rest_route=\/wp\/v2\/posts\/431","targetHints":{"allow":["GET"]}}],"collection":[{"href":"http:\/\/www.lev.ch\/news\/index.php?rest_route=\/wp\/v2\/posts"}],"about":[{"href":"http:\/\/www.lev.ch\/news\/index.php?rest_route=\/wp\/v2\/types\/post"}],"author":[{"embeddable":true,"href":"http:\/\/www.lev.ch\/news\/index.php?rest_route=\/wp\/v2\/users\/1"}],"replies":[{"embeddable":true,"href":"http:\/\/www.lev.ch\/news\/index.php?rest_route=%2Fwp%2Fv2%2Fcomments&post=431"}],"version-history":[{"count":1,"href":"http:\/\/www.lev.ch\/news\/index.php?rest_route=\/wp\/v2\/posts\/431\/revisions"}],"predecessor-version":[{"id":432,"href":"http:\/\/www.lev.ch\/news\/index.php?rest_route=\/wp\/v2\/posts\/431\/revisions\/432"}],"wp:attachment":[{"href":"http:\/\/www.lev.ch\/news\/index.php?rest_route=%2Fwp%2Fv2%2Fmedia&parent=431"}],"wp:term":[{"taxonomy":"category","embeddable":true,"href":"http:\/\/www.lev.ch\/news\/index.php?rest_route=%2Fwp%2Fv2%2Fcategories&post=431"},{"taxonomy":"post_tag","embeddable":true,"href":"http:\/\/www.lev.ch\/news\/index.php?rest_route=%2Fwp%2Fv2%2Ftags&post=431"}],"curies":[{"name":"wp","href":"https:\/\/api.w.org\/{rel}","templated":true}]}}