{"id":363,"date":"2014-04-21T12:30:30","date_gmt":"2014-04-21T20:30:30","guid":{"rendered":"http:\/\/www.lev.ch\/news\/?p=363"},"modified":"2014-10-30T12:44:56","modified_gmt":"2014-10-30T20:44:56","slug":"conference-musicale","status":"publish","type":"post","link":"http:\/\/www.lev.ch\/news\/?p=363","title":{"rendered":"Conf\u00e9rence musicale"},"content":{"rendered":"<p>Accompagn\u00e9e par et sur le th\u00e8me de la musique, une <a href=\"http:\/\/miracle.nu\/com\/les-conferences-musicales-2\/\">conf\u00e9rence significatog\u00e8ne<\/a> organis\u00e9e par <a href=\"http:\/\/www.miracle.nu\/\">Miracle<\/a> dans le <a href=\"http:\/\/www.theatredeverre.fr\/agenda\/detailevenement\/5874\/-\/resonances-le-festival\">festival R\u00e9sonances<\/a> au <a href=\"http:\/\/www.theatredeverre.fr\/\">Th\u00e9\u00e2tre de Verre<\/a> \u00e0 Paris, ainsi qu&#8217;au <a href=\"http:\/\/www.salondemontrouge.fr\">Salon de Montrouge<\/a>.<\/p>\n","protected":false},"excerpt":{"rendered":"<p>Accompagn\u00e9e par et sur le th\u00e8me de la musique, une conf\u00e9rence significatog\u00e8ne organis\u00e9e par Miracle dans le festival R\u00e9sonances au Th\u00e9\u00e2tre de Verre \u00e0 Paris, ainsi qu&#8217;au Salon de Montrouge.<\/p>\n","protected":false},"author":1,"featured_media":0,"comment_status":"closed","ping_status":"open","sticky":false,"template":"","format":"standard","meta":{"footnotes":""},"categories":[3,5],"tags":[],"class_list":["post-363","post","type-post","status-publish","format-standard","hentry","category-lecture","category-performance"],"_links":{"self":[{"href":"http:\/\/www.lev.ch\/news\/index.php?rest_route=\/wp\/v2\/posts\/363","targetHints":{"allow":["GET"]}}],"collection":[{"href":"http:\/\/www.lev.ch\/news\/index.php?rest_route=\/wp\/v2\/posts"}],"about":[{"href":"http:\/\/www.lev.ch\/news\/index.php?rest_route=\/wp\/v2\/types\/post"}],"author":[{"embeddable":true,"href":"http:\/\/www.lev.ch\/news\/index.php?rest_route=\/wp\/v2\/users\/1"}],"replies":[{"embeddable":true,"href":"http:\/\/www.lev.ch\/news\/index.php?rest_route=%2Fwp%2Fv2%2Fcomments&post=363"}],"version-history":[{"count":4,"href":"http:\/\/www.lev.ch\/news\/index.php?rest_route=\/wp\/v2\/posts\/363\/revisions"}],"predecessor-version":[{"id":374,"href":"http:\/\/www.lev.ch\/news\/index.php?rest_route=\/wp\/v2\/posts\/363\/revisions\/374"}],"wp:attachment":[{"href":"http:\/\/www.lev.ch\/news\/index.php?rest_route=%2Fwp%2Fv2%2Fmedia&parent=363"}],"wp:term":[{"taxonomy":"category","embeddable":true,"href":"http:\/\/www.lev.ch\/news\/index.php?rest_route=%2Fwp%2Fv2%2Fcategories&post=363"},{"taxonomy":"post_tag","embeddable":true,"href":"http:\/\/www.lev.ch\/news\/index.php?rest_route=%2Fwp%2Fv2%2Ftags&post=363"}],"curies":[{"name":"wp","href":"https:\/\/api.w.org\/{rel}","templated":true}]}}