{"id":343,"date":"2014-01-09T05:39:06","date_gmt":"2014-01-09T13:39:06","guid":{"rendered":"http:\/\/www.lev.ch\/news\/?p=343"},"modified":"2014-07-17T16:44:10","modified_gmt":"2014-07-18T00:44:10","slug":"les-bifurcations-du-recit-interactif","status":"publish","type":"post","link":"http:\/\/www.lev.ch\/news\/?p=343","title":{"rendered":"Les bifurcations du r\u00e9cit interactif"},"content":{"rendered":"<p><a href=\"http:\/\/www.fabula.org\/actualites\/les-bifurcations-du-recit-interactif-continuite-ou-rupture_60561.php\">Journ\u00e9e d&#8217;\u00e9tude \u00e0 l&#8217;Universit\u00e9 de Lausanne<\/a> sur les grandes questions du r\u00e9cit<br \/>\ninteractif \u00e0 l&#8217;\u00e8re des m\u00e9dias num\u00e9riques.<\/p>\n<p><a href=\"http:\/\/www.lev.ch\/news\/wp-content\/uploads\/2014\/01\/Affiche-RRN-Programme-1.jpg\"><img loading=\"lazy\" decoding=\"async\" class=\"size-full wp-image-345 alignleft\" title=\"Affiche-RRN-Programme-1\" src=\"http:\/\/www.lev.ch\/news\/wp-content\/uploads\/2014\/01\/Affiche-RRN-Programme-1.jpg\" alt=\"\" width=\"476\" height=\"654\" srcset=\"http:\/\/www.lev.ch\/news\/wp-content\/uploads\/2014\/01\/Affiche-RRN-Programme-1.jpg 476w, http:\/\/www.lev.ch\/news\/wp-content\/uploads\/2014\/01\/Affiche-RRN-Programme-1-218x300.jpg 218w\" sizes=\"auto, (max-width: 476px) 100vw, 476px\" \/><\/a><\/p>\n","protected":false},"excerpt":{"rendered":"<p>Journ\u00e9e d&#8217;\u00e9tude \u00e0 l&#8217;Universit\u00e9 de Lausanne sur les grandes questions du r\u00e9cit interactif \u00e0 l&#8217;\u00e8re des m\u00e9dias num\u00e9riques.<\/p>\n","protected":false},"author":1,"featured_media":0,"comment_status":"closed","ping_status":"open","sticky":false,"template":"","format":"standard","meta":{"footnotes":""},"categories":[3],"tags":[],"class_list":["post-343","post","type-post","status-publish","format-standard","hentry","category-lecture"],"_links":{"self":[{"href":"http:\/\/www.lev.ch\/news\/index.php?rest_route=\/wp\/v2\/posts\/343","targetHints":{"allow":["GET"]}}],"collection":[{"href":"http:\/\/www.lev.ch\/news\/index.php?rest_route=\/wp\/v2\/posts"}],"about":[{"href":"http:\/\/www.lev.ch\/news\/index.php?rest_route=\/wp\/v2\/types\/post"}],"author":[{"embeddable":true,"href":"http:\/\/www.lev.ch\/news\/index.php?rest_route=\/wp\/v2\/users\/1"}],"replies":[{"embeddable":true,"href":"http:\/\/www.lev.ch\/news\/index.php?rest_route=%2Fwp%2Fv2%2Fcomments&post=343"}],"version-history":[{"count":2,"href":"http:\/\/www.lev.ch\/news\/index.php?rest_route=\/wp\/v2\/posts\/343\/revisions"}],"predecessor-version":[{"id":370,"href":"http:\/\/www.lev.ch\/news\/index.php?rest_route=\/wp\/v2\/posts\/343\/revisions\/370"}],"wp:attachment":[{"href":"http:\/\/www.lev.ch\/news\/index.php?rest_route=%2Fwp%2Fv2%2Fmedia&parent=343"}],"wp:term":[{"taxonomy":"category","embeddable":true,"href":"http:\/\/www.lev.ch\/news\/index.php?rest_route=%2Fwp%2Fv2%2Fcategories&post=343"},{"taxonomy":"post_tag","embeddable":true,"href":"http:\/\/www.lev.ch\/news\/index.php?rest_route=%2Fwp%2Fv2%2Ftags&post=343"}],"curies":[{"name":"wp","href":"https:\/\/api.w.org\/{rel}","templated":true}]}}