{"id":309,"date":"2013-06-11T01:00:12","date_gmt":"2013-06-11T09:00:12","guid":{"rendered":"http:\/\/www.lev.ch\/news\/?p=309"},"modified":"2016-06-02T08:29:40","modified_gmt":"2016-06-02T16:29:40","slug":"tempus-fugit","status":"publish","type":"post","link":"http:\/\/www.lev.ch\/news\/?p=309","title":{"rendered":"Tempus fugit"},"content":{"rendered":"<p>A Gen\u00e8ve, vernissage de ma nouvelle installation vid\u00e9o g\u00e9n\u00e9rative \u00abTempus fugit\u00bb<br \/>\ndans <a href=\"http:\/\/infolipo.org\/signesparticuliers\/\">l&#8217;exposition collective de Infolipo d\u00e9di\u00e9e \u00e0 la m\u00e9moire de Ferdinand de Saussure<\/a>.<br \/>\nUn pourcentage des \u0153uvres vendues reviendra \u00e0 la <a href=\"http:\/\/www.projuventute.ch\">Fondation Pro Juventute<\/a>.<\/p>\n","protected":false},"excerpt":{"rendered":"<p>A Gen\u00e8ve, vernissage de ma nouvelle installation vid\u00e9o g\u00e9n\u00e9rative \u00abTempus fugit\u00bb dans l&#8217;exposition collective de Infolipo d\u00e9di\u00e9e \u00e0 la m\u00e9moire de Ferdinand de Saussure. Un pourcentage des \u0153uvres vendues reviendra \u00e0 la Fondation Pro Juventute.<\/p>\n","protected":false},"author":1,"featured_media":0,"comment_status":"closed","ping_status":"open","sticky":false,"template":"","format":"standard","meta":{"footnotes":""},"categories":[9,16,6],"tags":[],"class_list":["post-309","post","type-post","status-publish","format-standard","hentry","category-exhibition","category-filmvideo","category-installation"],"_links":{"self":[{"href":"http:\/\/www.lev.ch\/news\/index.php?rest_route=\/wp\/v2\/posts\/309","targetHints":{"allow":["GET"]}}],"collection":[{"href":"http:\/\/www.lev.ch\/news\/index.php?rest_route=\/wp\/v2\/posts"}],"about":[{"href":"http:\/\/www.lev.ch\/news\/index.php?rest_route=\/wp\/v2\/types\/post"}],"author":[{"embeddable":true,"href":"http:\/\/www.lev.ch\/news\/index.php?rest_route=\/wp\/v2\/users\/1"}],"replies":[{"embeddable":true,"href":"http:\/\/www.lev.ch\/news\/index.php?rest_route=%2Fwp%2Fv2%2Fcomments&post=309"}],"version-history":[{"count":10,"href":"http:\/\/www.lev.ch\/news\/index.php?rest_route=\/wp\/v2\/posts\/309\/revisions"}],"predecessor-version":[{"id":320,"href":"http:\/\/www.lev.ch\/news\/index.php?rest_route=\/wp\/v2\/posts\/309\/revisions\/320"}],"wp:attachment":[{"href":"http:\/\/www.lev.ch\/news\/index.php?rest_route=%2Fwp%2Fv2%2Fmedia&parent=309"}],"wp:term":[{"taxonomy":"category","embeddable":true,"href":"http:\/\/www.lev.ch\/news\/index.php?rest_route=%2Fwp%2Fv2%2Fcategories&post=309"},{"taxonomy":"post_tag","embeddable":true,"href":"http:\/\/www.lev.ch\/news\/index.php?rest_route=%2Fwp%2Fv2%2Ftags&post=309"}],"curies":[{"name":"wp","href":"https:\/\/api.w.org\/{rel}","templated":true}]}}