{"id":151,"date":"2003-12-10T11:19:49","date_gmt":"2003-12-10T19:19:49","guid":{"rendered":"http:\/\/www.lev.ch\/news\/?p=151"},"modified":"2014-08-19T15:17:31","modified_gmt":"2014-08-19T23:17:31","slug":"architectures-non-standard","status":"publish","type":"post","link":"http:\/\/www.lev.ch\/news\/?p=151","title":{"rendered":"Architectures Non Standard"},"content":{"rendered":"<p><a href=\"http:\/\/www.new-territories.com\/nonstandart.htm\">Architectures Non Standard \/ Laboratoires de l&#8217;Architecture Num\u00e9rique<\/a><\/p>\n<p>J&#8217;ai particip\u00e9 \u00e0 cette <a href=\"http:\/\/www.centrepompidou.fr\/Pompidou\/Manifs.nsf\/AllExpositions\/7DA19D2CC76BE776C1256D0100510408?OpenDocument&amp;sessionM=4.6&amp;L=1\">exposition<\/a> au Centre Georges Pompidou sur les mutations apport\u00e9es par le domaine computationnel dans l&#8217;architecture, en cr\u00e9ant des sons pour le <a href=\"http:\/\/web.media.mit.edu\/~pauln\/research\/emonic\/index-new.html\">Emonic Environment<\/a> de <a href=\"http:\/\/ic.media.mit.edu\/icSite\/icpeople\/PaulNemirovsky.html\">Paul Nemirovsky<\/a>, en collaboration avec le collectif d&#8217;architectes\u00a0<a href=\"http:\/\/www.servo-la.com\">Servo<\/a>.<\/p>\n","protected":false},"excerpt":{"rendered":"<p>Architectures Non Standard \/ Laboratoires de l&#8217;Architecture Num\u00e9rique J&#8217;ai particip\u00e9 \u00e0 cette exposition au Centre Georges Pompidou sur les mutations apport\u00e9es par le domaine computationnel dans l&#8217;architecture, en cr\u00e9ant des sons pour le Emonic Environment de Paul Nemirovsky, en collaboration avec le collectif d&#8217;architectes\u00a0Servo.<\/p>\n","protected":false},"author":1,"featured_media":0,"comment_status":"closed","ping_status":"open","sticky":false,"template":"","format":"standard","meta":{"footnotes":""},"categories":[6],"tags":[],"class_list":["post-151","post","type-post","status-publish","format-standard","hentry","category-installation"],"_links":{"self":[{"href":"http:\/\/www.lev.ch\/news\/index.php?rest_route=\/wp\/v2\/posts\/151","targetHints":{"allow":["GET"]}}],"collection":[{"href":"http:\/\/www.lev.ch\/news\/index.php?rest_route=\/wp\/v2\/posts"}],"about":[{"href":"http:\/\/www.lev.ch\/news\/index.php?rest_route=\/wp\/v2\/types\/post"}],"author":[{"embeddable":true,"href":"http:\/\/www.lev.ch\/news\/index.php?rest_route=\/wp\/v2\/users\/1"}],"replies":[{"embeddable":true,"href":"http:\/\/www.lev.ch\/news\/index.php?rest_route=%2Fwp%2Fv2%2Fcomments&post=151"}],"version-history":[{"count":3,"href":"http:\/\/www.lev.ch\/news\/index.php?rest_route=\/wp\/v2\/posts\/151\/revisions"}],"predecessor-version":[{"id":373,"href":"http:\/\/www.lev.ch\/news\/index.php?rest_route=\/wp\/v2\/posts\/151\/revisions\/373"}],"wp:attachment":[{"href":"http:\/\/www.lev.ch\/news\/index.php?rest_route=%2Fwp%2Fv2%2Fmedia&parent=151"}],"wp:term":[{"taxonomy":"category","embeddable":true,"href":"http:\/\/www.lev.ch\/news\/index.php?rest_route=%2Fwp%2Fv2%2Fcategories&post=151"},{"taxonomy":"post_tag","embeddable":true,"href":"http:\/\/www.lev.ch\/news\/index.php?rest_route=%2Fwp%2Fv2%2Ftags&post=151"}],"curies":[{"name":"wp","href":"https:\/\/api.w.org\/{rel}","templated":true}]}}