{"id":1,"date":"2010-01-28T11:30:20","date_gmt":"2010-01-28T19:30:20","guid":{"rendered":"http:\/\/www.lev.ch\/news\/?p=1"},"modified":"2016-06-02T08:34:24","modified_gmt":"2016-06-02T16:34:24","slug":"hello-world","status":"publish","type":"post","link":"http:\/\/www.lev.ch\/news\/?p=1","title":{"rendered":"Elastic Dreams"},"content":{"rendered":"<p><a href=\"http:\/\/www.lev.ch\/news\/wp-content\/uploads\/2010\/01\/vernissage-t\u00e9l\u00e9cabines.jpg\"><img loading=\"lazy\" decoding=\"async\" class=\"alignright size-medium wp-image-4\" title=\"Vernissage des t\u00e9l\u00e9cabines\" src=\"http:\/\/www.lev.ch\/news\/wp-content\/uploads\/2010\/01\/vernissage-t\u00e9l\u00e9cabines-150x300.jpg\" alt=\"\" width=\"150\" height=\"300\" srcset=\"http:\/\/www.lev.ch\/news\/wp-content\/uploads\/2010\/01\/vernissage-t\u00e9l\u00e9cabines-150x300.jpg 150w, http:\/\/www.lev.ch\/news\/wp-content\/uploads\/2010\/01\/vernissage-t\u00e9l\u00e9cabines.jpg 400w\" sizes=\"auto, (max-width: 150px) 100vw, 150px\" \/><\/a><\/p>\n<p>Installation avec la plasticienne Patricia Terrapon.<br \/>\nVernissage le 28 janvier 2010.<\/p>\n<p>Brasserie des Halles de l&#8217;\u00cele.<\/p>\n<p>De vieilles t\u00e9l\u00e9cabines authentiques de Crans-Montana sont install\u00e9es cet hiver devant la Brasserie des Halles de l&#8217;\u00cele, et des artistes genevois ont \u00e9t\u00e9 invit\u00e9s \u00e0 les transformer en installations artistiques.<\/p>\n<p>Une sculpture mobile effectue une rotation 8 fois par heure, tandis que la bande-son caustique refl\u00e8te des r\u00e9alit\u00e9s cach\u00e9es de notre intouchable pays suisse. Il y a une bande-son de jour, et une bande-son de nuit, qui se d\u00e9clenche automatiquement au coucher du soleil (vers 17h30). Les bandes-son sont g\u00e9n\u00e9ratives, et pilot\u00e9es depuis max\/msp, tandis que la m\u00e9canique est contr\u00f4l\u00e9e par Arduino.<\/p>\n","protected":false},"excerpt":{"rendered":"<p>Installation avec la plasticienne Patricia Terrapon. Vernissage le 28 janvier 2010. Brasserie des Halles de l&#8217;\u00cele. De vieilles t\u00e9l\u00e9cabines authentiques de Crans-Montana sont install\u00e9es cet hiver devant la Brasserie des Halles de l&#8217;\u00cele, et des artistes genevois ont \u00e9t\u00e9 invit\u00e9s \u00e0 les transformer en installations artistiques. Une sculpture mobile effectue une rotation 8 fois par [&hellip;]<\/p>\n","protected":false},"author":1,"featured_media":0,"comment_status":"open","ping_status":"open","sticky":false,"template":"","format":"standard","meta":{"footnotes":""},"categories":[9,6],"tags":[],"class_list":["post-1","post","type-post","status-publish","format-standard","hentry","category-exhibition","category-installation"],"_links":{"self":[{"href":"http:\/\/www.lev.ch\/news\/index.php?rest_route=\/wp\/v2\/posts\/1","targetHints":{"allow":["GET"]}}],"collection":[{"href":"http:\/\/www.lev.ch\/news\/index.php?rest_route=\/wp\/v2\/posts"}],"about":[{"href":"http:\/\/www.lev.ch\/news\/index.php?rest_route=\/wp\/v2\/types\/post"}],"author":[{"embeddable":true,"href":"http:\/\/www.lev.ch\/news\/index.php?rest_route=\/wp\/v2\/users\/1"}],"replies":[{"embeddable":true,"href":"http:\/\/www.lev.ch\/news\/index.php?rest_route=%2Fwp%2Fv2%2Fcomments&post=1"}],"version-history":[{"count":5,"href":"http:\/\/www.lev.ch\/news\/index.php?rest_route=\/wp\/v2\/posts\/1\/revisions"}],"predecessor-version":[{"id":178,"href":"http:\/\/www.lev.ch\/news\/index.php?rest_route=\/wp\/v2\/posts\/1\/revisions\/178"}],"wp:attachment":[{"href":"http:\/\/www.lev.ch\/news\/index.php?rest_route=%2Fwp%2Fv2%2Fmedia&parent=1"}],"wp:term":[{"taxonomy":"category","embeddable":true,"href":"http:\/\/www.lev.ch\/news\/index.php?rest_route=%2Fwp%2Fv2%2Fcategories&post=1"},{"taxonomy":"post_tag","embeddable":true,"href":"http:\/\/www.lev.ch\/news\/index.php?rest_route=%2Fwp%2Fv2%2Ftags&post=1"}],"curies":[{"name":"wp","href":"https:\/\/api.w.org\/{rel}","templated":true}]}}